[{"@context":"https:\/\/schema.org\/","@type":"Article","@id":"https:\/\/www.foran.cz\/bila-barva-je-proste-vzdy-cool\/#Article","mainEntityOfPage":"https:\/\/www.foran.cz\/bila-barva-je-proste-vzdy-cool\/","headline":"B\u00edl\u00e1 barva je prost\u011b v\u017edy cool","name":"B\u00edl\u00e1 barva je prost\u011b v\u017edy cool","description":"M&Atilde;&sup3;du a b&Atilde;&shy;lou barvu m&Atilde;&iexcl;te taky r&Atilde;&iexcl;di? A hlavn&Auml;&#8250; b&Atilde;&shy;lou barvu jako j&Atilde;&iexcl;? J&Atilde;&iexcl; se popravd&Auml;&#8250; p&Aring;&#8482;izn&Atilde;&iexcl;m, &Aring;&frac34;e j&Atilde;&iexcl; m&Atilde;&iexcl;m stra&Aring;&iexcl;n&Auml;&#8250; r&Atilde;&iexcl;da b&Atilde;&shy;lou barvu. J&Atilde;&iexcl; ch&Atilde;&iexcl;pu, &Aring;&frac34;e t&Aring;&#8482;eba n&Auml;&#8250;komu se nel&Atilde;&shy;b&Atilde;&shy;, kdy&Aring;&frac34; je prost&Auml;&#8250; oble&Auml;en&Atilde;&frac12; cel&Atilde;&frac12; v b&Atilde;&shy;l&Atilde;&frac12;m jako j&Atilde;&iexcl;, ale j&Atilde;&iexcl; prost&Auml;&#8250; m&Atilde;&iexcl;m r&Atilde;&iexcl;da stra&Aring;&iexcl;n&Auml;&#8250; b&Atilde;&shy;lou. J&Atilde;&iexcl; m&Atilde;&iexcl;m i...","datePublished":"2023-07-23","dateModified":"2024-04-23","author":{"@type":"Person","@id":"https:\/\/www.foran.cz\/author\/#Person","name":"","url":"https:\/\/www.foran.cz\/author\/","identifier":1,"image":{"@type":"ImageObject","@id":"https:\/\/secure.gravatar.com\/avatar\/4e6a74466e4227c12d5306875d08720cdfce3572213740db6f4a2e5e46e710ff?s=96&d=mm&r=g","url":"https:\/\/secure.gravatar.com\/avatar\/4e6a74466e4227c12d5306875d08720cdfce3572213740db6f4a2e5e46e710ff?s=96&d=mm&r=g","height":96,"width":96}},"publisher":{"@type":"Organization","name":"foran.cz","logo":{"@type":"ImageObject","@id":"\/logo.png","url":"\/logo.png","width":600,"height":60}},"image":{"@type":"ImageObject","@id":"https:\/\/www.foran.cz\/wp-content\/uploads\/feet-1779064_1280_4.jpg","url":"https:\/\/www.foran.cz\/wp-content\/uploads\/feet-1779064_1280_4.jpg","height":0,"width":0},"url":"https:\/\/www.foran.cz\/bila-barva-je-proste-vzdy-cool\/","about":["M\u00f3da\r"],"wordCount":913,"articleBody":"M&Atilde;&sup3;du a b&Atilde;&shy;lou barvu m&Atilde;&iexcl;te taky r&Atilde;&iexcl;di? A hlavn&Auml;&#8250; b&Atilde;&shy;lou barvu jako j&Atilde;&iexcl;? J&Atilde;&iexcl; se popravd&Auml;&#8250; p&Aring;&#8482;izn&Atilde;&iexcl;m, &Aring;&frac34;e j&Atilde;&iexcl; m&Atilde;&iexcl;m stra&Aring;&iexcl;n&Auml;&#8250; r&Atilde;&iexcl;da b&Atilde;&shy;lou barvu. J&Atilde;&iexcl; ch&Atilde;&iexcl;pu, &Aring;&frac34;e t&Aring;&#8482;eba n&Auml;&#8250;komu se nel&Atilde;&shy;b&Atilde;&shy;, kdy&Aring;&frac34; je prost&Auml;&#8250; oble&Auml;en&Atilde;&frac12; cel&Atilde;&frac12; v b&Atilde;&shy;l&Atilde;&frac12;m jako j&Atilde;&iexcl;, ale j&Atilde;&iexcl; prost&Auml;&#8250; m&Atilde;&iexcl;m r&Atilde;&iexcl;da stra&Aring;&iexcl;n&Auml;&#8250; b&Atilde;&shy;lou. J&Atilde;&iexcl; m&Atilde;&iexcl;m i b&Atilde;&shy;l&Atilde;&copy; auto a stra&Aring;&iexcl;n&Auml;&#8250; se mi prost&Auml;&#8250; ta barva l&Atilde;&shy;b&Atilde;&shy;. Je mi &Atilde;&ordm;pln&Auml;&#8250; jedno, co si kolikr&Atilde;&iexcl;t o m&Auml;&#8250; prost&Auml;&#8250; lid&Atilde;&copy; mysl&Atilde;&shy;, kdy&Aring;&frac34; m&Auml;&#8250; vid&Atilde;&shy;. Mn&Auml;&#8250; se prost&Auml;&#8250; stra&Aring;&iexcl;n&Auml;&#8250; l&Atilde;&shy;b&Atilde;&shy; vz&Atilde;&shy;t si b&Atilde;&shy;l&Atilde;&copy; tri&Auml;ko, b&Atilde;&shy;lou sukni nebo b&Atilde;&shy;l&Atilde;&copy; d&Aring;&frac34;&Atilde;&shy;ny. Proto&Aring;&frac34;e opravdu na m&Auml;&#8250; to m&Atilde;&iexcl; takov&Atilde;&frac12; tro&Aring;&iexcl;ku jin&Atilde;&frac12; dojem a chci b&Atilde;&frac12;t takov&Atilde;&iexcl; odli&Aring;&iexcl;n&Atilde;&iexcl; od t&Auml;&#8250;ch ostatn&Atilde;&shy;ch lid&Atilde;&shy;. Ale prost&Auml;&#8250; ka&Aring;&frac34;d&Atilde;&frac12; m&Atilde;&iexcl; r&Atilde;&iexcl;d n&Auml;&#8250;co jin&Atilde;&copy;ho, ka&Aring;&frac34;d&Atilde;&frac12; m&Atilde;&iexcl; r&Atilde;&iexcl;d svou barvu a j&Atilde;&iexcl; si mysl&Atilde;&shy;m, &Aring;&frac34;e opravdu by ka&Aring;&frac34;d&Atilde;&frac12; &Auml;lov&Auml;&#8250;k m&Auml;&#8250;l chodit tak, jak se l&Atilde;&shy;b&Atilde;&shy; jemu, a ne jak se prost&Auml;&#8250; l&Atilde;&shy;b&Atilde;&shy; druh&Atilde;&frac12;m lidem. Proto je prost&Auml;&#8250; nejd&Aring;&macr;le&Aring;&frac34;it&Auml;&#8250;j&Aring;&iexcl;&Atilde;&shy; opravdu si vz&Atilde;&shy;t v &Auml;em se c&Atilde;&shy;t&Atilde;&shy;te pohodln&Auml;&#8250;, spokojen&Auml;&#8250;, pozitivn&Auml;&#8250;, proto&Aring;&frac34;e to je pro m&Atilde;&sup3;du to nejd&Aring;&macr;le&Aring;&frac34;it&Auml;&#8250;j&Aring;&iexcl;&Atilde;&shy;. Ka&Aring;&frac34;d&Atilde;&frac12; si m&Aring;&macr;&Aring;&frac34;e chodit oble&Auml;en&Atilde;&frac12;, jak chce, proto&Aring;&frac34;e ka&Aring;&frac34;d&Atilde;&frac12; m&Atilde;&iexcl; prost&Auml;&#8250; svoje pr&Atilde;&iexcl;vo na to obl&Atilde;&copy;ct si co chce. A j&Atilde;&iexcl; jsem prost&Auml;&#8250; takov&Atilde;&iexcl;, &Aring;&frac34;e opravdu j&Atilde;&iexcl; ne&Aring;&#8482;e&Aring;&iexcl;&Atilde;&shy;m, co si mysl&Atilde;&shy; druz&Atilde;&shy; lid&Atilde;&copy;. J&Atilde;&iexcl; se d&Atilde;&shy;v&Atilde;&iexcl;m hlavn&Auml;&#8250; sama na sebe, tak&Aring;&frac34;e i p&Aring;&#8482;esto, &Aring;&frac34;e jdu cel&Atilde;&iexcl; v b&Atilde;&shy;l&Atilde;&frac12;m, tak prost&Auml;&#8250; mn&Auml;&#8250; se to l&Atilde;&shy;b&Atilde;&shy;, jsem sebou spokojen&Atilde;&iexcl; a necht&Auml;&#8250;la bych to v &Aring;&frac34;ivot&Auml;&#8250; m&Auml;&#8250;nit, proto&Aring;&frac34;e j&Atilde;&iexcl; opravdu u&Aring;&frac34; n&Auml;&#8250;kolik let nos&Atilde;&shy;m prost&Auml;&#8250; b&Atilde;&shy;lou barvu.M&Atilde;&iexcl;lokdy se stane, &Aring;&frac34;e bych si vzala n&Auml;&#8250;co jin&Atilde;&copy;ho, ale ten, kdo si prost&Auml;&#8250; o m&Auml;&#8250; mysl&Atilde;&shy;, t&Aring;&#8482;eba &Aring;&frac34;e jsem tro&Aring;&iexcl;ku divn&Atilde;&iexcl;, tak ale divn&Atilde;&iexcl; nejsem. Prost&Auml;&#8250; ka&Aring;&frac34;d&Atilde;&frac12; opravdu se mus&Atilde;&shy; &Aring;&#8482;&Atilde;&shy;dit s&Atilde;&iexcl;m sebou a v &Auml;em se c&Atilde;&shy;t&Atilde;&shy; naprosto dokonale, a j&Atilde;&iexcl; se v t&Atilde;&copy; barv&Auml;&#8250; prost&Auml;&#8250; c&Atilde;&shy;t&Atilde;&shy;m dokonale, spokojen&Auml;&#8250;. A fakt, jako mus&Atilde;&shy;m &Aring;&#8482;&Atilde;&shy;ct, &Aring;&frac34;e opravdu jsem nikdy ne&Aring;&#8482;e&Aring;&iexcl;ila, co si mysl&Atilde;&shy; druz&Atilde;&shy; lid&Atilde;&copy;. A kdy&Aring;&frac34; opravdu budete v&Auml;&#8250;&Aring;&#8482;it hlavn&Auml;&#8250; sami sob&Auml;&#8250; a &Aring;&#8482;&Atilde;&shy;kat si, &Aring;&frac34;e je v&Atilde;&iexcl;m &Atilde;&ordm;pln&Auml;&#8250; jedno, co si druh&Atilde;&frac12; &Auml;lov&Auml;&#8250;k mysl&Atilde;&shy;, tak to je to nejkr&Atilde;&iexcl;sn&Auml;&#8250;j&Aring;&iexcl;&Atilde;&shy; a nejlep&Aring;&iexcl;&Atilde;&shy;, co pro sebe v &Aring;&frac34;ivot&Auml;&#8250; ud&Auml;&#8250;l&Atilde;&iexcl;te, proto&Aring;&frac34;e kdy&Aring;&frac34; budete p&Aring;&#8482;ehl&Atilde;&shy;&Aring;&frac34;et, co si druz&Atilde;&shy; lidi mysl&Atilde;&shy;, tak budete v&Atilde;&shy;c spokojen&Atilde;&shy; a &Aring;&iexcl;&Aring;&yen;astn&Auml;&#8250;j&Aring;&iexcl;&Atilde;&shy;.                                                                                                                                                                                                                                                                                                                                                                                        4.3\/5 - (12 votes)        "},{"@context":"https:\/\/schema.org\/","@type":"BreadcrumbList","itemListElement":[{"@type":"ListItem","position":1,"name":"B\u00edl\u00e1 barva je prost\u011b v\u017edy cool","item":"https:\/\/www.foran.cz\/bila-barva-je-proste-vzdy-cool\/#breadcrumbitem"}]}]