[{"@context":"https:\/\/schema.org\/","@type":"Article","@id":"https:\/\/www.foran.cz\/chcete-byt-krasna\/#Article","mainEntityOfPage":"https:\/\/www.foran.cz\/chcete-byt-krasna\/","headline":"Chcete b\u00fdt kr\u00e1sn\u00e1?","name":"Chcete b\u00fdt kr\u00e1sn\u00e1?","description":"Kdy\u017e m\u00e1te d\u011bti, va\u0161e t\u011blo jde ruku v ruce s p\u0159\u00edrodou a za\u010d\u00edn\u00e1 se m\u011bnit. Ne ka\u017ed\u00e1 \u017eena m\u00e1 tyto zm\u011bny r\u00e1da, proto\u017ee se t\u00fdkaj\u00ed hlavn\u011b postavy. Pokud chcete m\u00edt postavu jako za mlada a chcete b\u00fdt st\u00e1le atraktivn\u00ed, i kdy\u017e jste mamina, vyu\u017eijte n\u00e1\u0161 skv\u011bl\u00fd p\u0159\u00edrodn\u00ed p\u0159\u00edpravek emulips forte...","datePublished":"2024-12-20","dateModified":"2024-12-20","author":{"@type":"Person","@id":"https:\/\/www.foran.cz\/author\/#Person","name":"","url":"https:\/\/www.foran.cz\/author\/","identifier":1,"image":{"@type":"ImageObject","@id":"https:\/\/secure.gravatar.com\/avatar\/4e6a74466e4227c12d5306875d08720cdfce3572213740db6f4a2e5e46e710ff?s=96&d=mm&r=g","url":"https:\/\/secure.gravatar.com\/avatar\/4e6a74466e4227c12d5306875d08720cdfce3572213740db6f4a2e5e46e710ff?s=96&d=mm&r=g","height":96,"width":96}},"publisher":{"@type":"Organization","name":"foran.cz","logo":{"@type":"ImageObject","@id":"\/logo.png","url":"\/logo.png","width":600,"height":60}},"url":"https:\/\/www.foran.cz\/chcete-byt-krasna\/","wordCount":204,"articleBody":"Kdy\u017e m\u00e1te d\u011bti, va\u0161e t\u011blo jde ruku v ruce s p\u0159\u00edrodou a za\u010d\u00edn\u00e1 se m\u011bnit. Ne ka\u017ed\u00e1 \u017eena m\u00e1 tyto zm\u011bny r\u00e1da, proto\u017ee se t\u00fdkaj\u00ed hlavn\u011b postavy. Pokud chcete m\u00edt postavu jako za mlada a chcete b\u00fdt st\u00e1le atraktivn\u00ed, i kdy\u017e jste mamina, vyu\u017eijte n\u00e1\u0161 skv\u011bl\u00fd p\u0159\u00edrodn\u00ed p\u0159\u00edpravek emulips forte xxl, kter\u00fd zabr\u00e1n\u00ed, aby se ve va\u0161em t\u011ble ukl\u00e1dali l\u00e1tky, kter\u00e9 jsou ne\u017e\u00e1douc\u00ed. Tento p\u0159\u00edpravek m\u00e1 vliv na tr\u00e1ven\u00ed, a proto se nemus\u00edte b\u00e1t j\u00edst v\u011bci, kter\u00e9 m\u00e1te r\u00e1da.Vyu\u017eijte tohle skv\u011bl\u00e9 \u0159e\u0161en\u00ed!Nemus\u00edte se b\u00e1t, \u017ee p\u0159i pobr\u00e1n\u00ed t\u011bchto p\u0159\u00edpravk\u016f nastanou n\u011bjak\u00e9 probl\u00e9my nap\u0159\u00edklad s kojen\u00edm a podobn\u011b. P\u0159i v\u00fdzkumu a vyvinov\u00e1n\u00ed tohoto p\u0159\u00edpravku jsme d\u00e1vali p\u0159ednost rad\u011bji spr\u00e1vn\u00e9mu fungov\u00e1n\u00ed, ne\u017e v\u00fdsledk\u016fm, a tak tento p\u0159\u00edpravek nem\u00e1 \u017e\u00e1dn\u00fd negativn\u00ed dopad na va\u0161e spr\u00e1vn\u00e9 funkce t\u011bla. Ov\u0161em to ale neznamen\u00e1, \u017ee va\u0161e zm\u011bny nep\u016fjdou vid\u011bt!                                                                                                                                                                                                                                                                                                                                                                                        4.7\/5 - (3 votes)        "},{"@context":"https:\/\/schema.org\/","@type":"BreadcrumbList","itemListElement":[{"@type":"ListItem","position":1,"name":"Chcete b\u00fdt kr\u00e1sn\u00e1?","item":"https:\/\/www.foran.cz\/chcete-byt-krasna\/#breadcrumbitem"}]}]