[{"@context":"https:\/\/schema.org\/","@type":"Article","@id":"https:\/\/www.foran.cz\/kdyz-nam-neni-dobre\/#Article","mainEntityOfPage":"https:\/\/www.foran.cz\/kdyz-nam-neni-dobre\/","headline":"Kdy\u017e n\u00e1m nen\u00ed dob\u0159e","name":"Kdy\u017e n\u00e1m nen\u00ed dob\u0159e","description":"Ob\u010das se v novin\u00e1ch objev\u00ed zpr\u00e1va, \u017ee v l\u00e9k\u00e1rn\u00e1ch do\u0161el ten \u010di onen l\u00e9k. \u017de nejsou antibiotika nebo l\u00e9ky na hore\u010dku, \u010di n\u011bjak\u00e9 dal\u0161\u00ed, jinak docela b\u011b\u017en\u011b dostupn\u00e9 l\u00e9ky. Nezb\u00fdv\u00e1 ne\u017e se pt\u00e1t, kde se stala chyba? Kdy\u017e jdete do l\u00e9k\u00e1rny s receptem a oni v\u00e1\u0161 l\u00e9k zrovna nemaj\u00ed na...","datePublished":"2022-10-24","dateModified":"2023-05-07","author":{"@type":"Person","@id":"https:\/\/www.foran.cz\/author\/#Person","name":"","url":"https:\/\/www.foran.cz\/author\/","identifier":1,"image":{"@type":"ImageObject","@id":"https:\/\/secure.gravatar.com\/avatar\/4e6a74466e4227c12d5306875d08720cdfce3572213740db6f4a2e5e46e710ff?s=96&d=mm&r=g","url":"https:\/\/secure.gravatar.com\/avatar\/4e6a74466e4227c12d5306875d08720cdfce3572213740db6f4a2e5e46e710ff?s=96&d=mm&r=g","height":96,"width":96}},"publisher":{"@type":"Organization","name":"foran.cz","logo":{"@type":"ImageObject","@id":"\/logo.png","url":"\/logo.png","width":600,"height":60}},"image":{"@type":"ImageObject","@id":"https:\/\/www.foran.cz\/wp-content\/uploads\/laboratory-gaa8957a6f_640.jpg","url":"https:\/\/www.foran.cz\/wp-content\/uploads\/laboratory-gaa8957a6f_640.jpg","height":0,"width":0},"url":"https:\/\/www.foran.cz\/kdyz-nam-neni-dobre\/","about":["Internet"],"wordCount":454,"articleBody":"      Ob\u010das se v novin\u00e1ch objev\u00ed zpr\u00e1va, \u017ee v l\u00e9k\u00e1rn\u00e1ch do\u0161el ten \u010di onen l\u00e9k. \u017de nejsou antibiotika nebo l\u00e9ky na hore\u010dku, \u010di n\u011bjak\u00e9 dal\u0161\u00ed, jinak docela b\u011b\u017en\u011b dostupn\u00e9 l\u00e9ky. Nezb\u00fdv\u00e1 ne\u017e se pt\u00e1t, kde se stala chyba?Kdy\u017e jdete do l\u00e9k\u00e1rny s receptem a oni v\u00e1\u0161 l\u00e9k zrovna nemaj\u00ed na sklad\u011b, m\u016f\u017eou v\u00e1m nab\u00eddnout podobnou variantu, z toho nemus\u00edte m\u00edt strach, l\u00e9k\u00e1rn\u00edci se ve slo\u017een\u00ed l\u00e9k\u016f dob\u0159e vyznaj\u00ed, nebo v\u00e1m nab\u00eddnou, \u017ee do druh\u00e9ho dne l\u00e9k se\u017eenou p\u0159es sv\u00e9ho distributora l\u00e9\u010div. Tato mo\u017enost je pro \u0159adu lid\u00ed p\u0159ijateln\u011bj\u0161\u00ed. Probl\u00e9m ale nast\u00e1v\u00e1, kdy\u017e l\u00e9k\u00e1rna zjist\u00ed, \u017ee ani nejlep\u0161\u00ed distributor l\u00e9\u010div dan\u00fd l\u00e9k nem\u00e1 a probl\u00e9m je a\u017e u v\u00fdrobce, proto\u017ee i v\u00fdrobci mohou m\u00edt probl\u00e9my s v\u00fdrobou t\u0159eba vlivem hav\u00e1rie \u010di nedostatku vstupn\u00edch l\u00e1tek pro v\u00fdrobu l\u00e9k\u016f.Distributo\u0159i l\u00e9\u010div mohou b\u00fdt sebe\u0161ikovn\u011bj\u0161\u00ed, ale pokud v\u00fdrobce l\u00e9\u010div nevyr\u00e1b\u00ed, pochopiteln\u011b nemohou l\u00e9k\u00e1rny dostate\u010dn\u011b z\u00e1sobovat.Distributor l\u00e9\u010div ale nen\u00ed jen p\u0159epravce l\u00e9k\u016f od v\u00fdrobce do l\u00e9k\u00e1rny, \u010dasto je to i v\u00fdrobce n\u011bkter\u00fdch l\u00e9k\u016f a k tomu pot\u0159ebuje pochopiteln\u011b proj\u00edt schvalovac\u00edm procesem od \u00dastavu pro kontrolu l\u00e9\u010div. Jsme-li nemocn\u00ed, o\u010dek\u00e1v\u00e1me, \u017ee l\u00e9k\u00e1rna bude m\u00edt l\u00e9k, kter\u00fd n\u00e1m p\u0159edep\u00ed\u0161e l\u00e9ka\u0159. Ale \u010dasto nav\u0161t\u011bvujeme l\u00e9k\u00e1rnu i kdy\u017e jsme zdrav\u00ed a chceme si zakoupit p\u0159\u00edpravky tzv. podp\u016frn\u00e9, \u010dili dopl\u0148ky stravy, vitam\u00edny \u010di miner\u00e1ln\u00ed l\u00e1tky, n\u011bco na zv\u00fd\u0161en\u00ed imunity. V\u017edy o\u010dek\u00e1v\u00e1me, \u017ee l\u00e9k\u00e1rna n\u00e1m nab\u00eddne v\u0161e, co pr\u00e1v\u011b pot\u0159ebujeme. Dob\u0159e z\u00e1soben\u00e1 l\u00e9k\u00e1rna mus\u00ed myslet na v\u0161echny mo\u017en\u00e9 po\u017eadavky z\u00e1kazn\u00edk\u016f.Pokud onemocn\u00edte, ur\u010dit\u011b jdete do l\u00e9k\u00e1rny a bu\u010f v\u00edte, jak\u00fd l\u00e9k v\u00e1m pom\u016f\u017ee nebo spol\u00e9h\u00e1te na rady l\u00e9k\u00e1rn\u00edka. Jen pokud je onemocn\u011bn\u00ed z\u00e1va\u017en\u011bj\u0161\u00ed a tu\u0161\u00edme, \u017ee budeme pot\u0159ebovat antibiotika, kter\u00e9 m\u016f\u017ee p\u0159edepsat jen l\u00e9ka\u0159, tak si zajdeme prvn\u011b pro recept. \u010casto o n\u00e1v\u0161t\u011bv\u011b l\u00e9ka\u0159e rozhoduje tak\u00e9 pot\u0159eba nemocensk\u00e9ho l\u00edstku. Nicm\u00e9n\u011b dob\u0159e z\u00e1soben\u00e1 l\u00e9k\u00e1rna je pro n\u00e1s samoz\u0159ejmost\u00ed.                                                                                                                                                                                                                                                                                                                                                                                          4.3\/5 - (10 votes)        "},{"@context":"https:\/\/schema.org\/","@type":"BreadcrumbList","itemListElement":[{"@type":"ListItem","position":1,"name":"Kdy\u017e n\u00e1m nen\u00ed dob\u0159e","item":"https:\/\/www.foran.cz\/kdyz-nam-neni-dobre\/#breadcrumbitem"}]}]