[{"@context":"https:\/\/schema.org\/","@type":"Article","@id":"https:\/\/www.foran.cz\/nase-lozni-pradlo-je-pripraveno-pro-nase-zakazniky\/#Article","mainEntityOfPage":"https:\/\/www.foran.cz\/nase-lozni-pradlo-je-pripraveno-pro-nase-zakazniky\/","headline":"Na\u0161e lo\u017en\u00ed pr\u00e1dlo je p\u0159ipraveno pro na\u0161e z\u00e1kazn\u00edky","name":"Na\u0161e lo\u017en\u00ed pr\u00e1dlo je p\u0159ipraveno pro na\u0161e z\u00e1kazn\u00edky","description":"V\u0161echny z\u00e1jemce o lo\u017en\u00ed pr\u00e1dlo mus\u00edme upozornit, \u017ee pr\u00e1v\u011b u n\u00e1s je k dost\u00e1n\u00ed prvot\u0159\u00eddn\u00ed povle\u010den\u00ed na postele. V\u0161echno je vyrobeno ze 100% bavlny. Ani p\u0159i pran\u00ed na 60 nebo dokonce 90 stup\u0148\u016f se mu nic nestane. Z\u016fstane st\u00e1le stejn\u011b kvalitn\u00ed. Nevybledne. Je u n\u00e1s k dost\u00e1n\u00ed v r\u016fzn\u00fdch barevn\u00fdch...","datePublished":"2025-03-05","dateModified":"2025-03-05","author":{"@type":"Person","@id":"https:\/\/www.foran.cz\/author\/#Person","name":"","url":"https:\/\/www.foran.cz\/author\/","identifier":1,"image":{"@type":"ImageObject","@id":"https:\/\/secure.gravatar.com\/avatar\/4e6a74466e4227c12d5306875d08720cdfce3572213740db6f4a2e5e46e710ff?s=96&d=mm&r=g","url":"https:\/\/secure.gravatar.com\/avatar\/4e6a74466e4227c12d5306875d08720cdfce3572213740db6f4a2e5e46e710ff?s=96&d=mm&r=g","height":96,"width":96}},"publisher":{"@type":"Organization","name":"foran.cz","logo":{"@type":"ImageObject","@id":"\/logo.png","url":"\/logo.png","width":600,"height":60}},"url":"https:\/\/www.foran.cz\/nase-lozni-pradlo-je-pripraveno-pro-nase-zakazniky\/","wordCount":181,"articleBody":"V\u0161echny z\u00e1jemce o lo\u017en\u00ed pr\u00e1dlo mus\u00edme upozornit, \u017ee pr\u00e1v\u011b u n\u00e1s je k dost\u00e1n\u00ed prvot\u0159\u00eddn\u00ed povle\u010den\u00ed na postele. V\u0161echno je vyrobeno ze 100% bavlny. Ani p\u0159i pran\u00ed na 60 nebo dokonce 90 stup\u0148\u016f se mu nic nestane. Z\u016fstane st\u00e1le stejn\u011b kvalitn\u00ed. Nevybledne. Je u n\u00e1s k dost\u00e1n\u00ed v r\u016fzn\u00fdch barevn\u00fdch kombinac\u00edch a s nejr\u016fzn\u011bj\u0161\u00edmi vzory. V\u011b\u0159\u00edme, \u017ee si vybere ka\u017ed\u00fd z\u00e1kazn\u00edk. Povle\u010den\u00ed se ani vypr\u00e1n\u00edm nem\u011bn\u00ed Nikdo z v\u00e1s nemus\u00ed m\u00edt obavy, \u017ee na\u0161e lo\u017en\u00ed pr\u00e1dlo by po n\u011bkolika vypr\u00e1n\u00edch vybledlo. Je toti\u017e vyrobeno z kvalitn\u00edch bavln\u011bn\u00fdch materi\u00e1l\u016f. Je p\u0159\u00edjemn\u00e9 na omak a dob\u0159e se v\u00e1m pod n\u00edm bude sp\u00e1t. M\u016f\u017eeme v\u00e1m ho jenom v\u0159ele doporu\u010dit. Disponujeme bohatou nab\u00eddkou povle\u010den\u00ed na postele. U n\u00e1s si zkr\u00e1tka mus\u00ed vybrat ka\u017ed\u00fd. T\u011b\u0161\u00edme se na v\u00e1s.                                                                                                                                                                                                                                                                                                                                                                                        4\/5 - (3 votes)        "},{"@context":"https:\/\/schema.org\/","@type":"BreadcrumbList","itemListElement":[{"@type":"ListItem","position":1,"name":"Na\u0161e lo\u017en\u00ed pr\u00e1dlo je p\u0159ipraveno pro na\u0161e z\u00e1kazn\u00edky","item":"https:\/\/www.foran.cz\/nase-lozni-pradlo-je-pripraveno-pro-nase-zakazniky\/#breadcrumbitem"}]}]