[{"@context":"https:\/\/schema.org\/","@type":"Article","@id":"https:\/\/www.foran.cz\/proc-je-designovy-konferencni-stolek-drazsi-nez-ten-obycejny\/#Article","mainEntityOfPage":"https:\/\/www.foran.cz\/proc-je-designovy-konferencni-stolek-drazsi-nez-ten-obycejny\/","headline":"Pro\u010d je designov\u00fd konferen\u010dn\u00ed stolek dra\u017e\u0161\u00ed ne\u017e ten oby\u010dejn\u00fd?","name":"Pro\u010d je designov\u00fd konferen\u010dn\u00ed stolek dra\u017e\u0161\u00ed ne\u017e ten oby\u010dejn\u00fd?","description":"B\u011b\u017enou sou\u010d\u00e1st\u00ed ka\u017ed\u00e9 dom\u00e1cnosti je i n\u00e1bytek. Dalo by se \u0159\u00edci, \u017ee bez n\u011bj se prakticky neobejdeme, i kdy\u017e n\u011bkter\u00e9 kusy jsou nepostradateln\u011bj\u0161\u00ed ne\u017e jin\u00e9. N\u011bkter\u00e9, jako nap\u0159\u00edklad sk\u0159\u00ed\u0148, najdeme t\u00e9m\u011b\u0159 bez v\u00fdjimky v ka\u017ed\u00e9 dom\u00e1cnosti, zat\u00edmco jin\u00e9 jsou ji\u017e vz\u00e1cn\u011bj\u0161\u00ed. Mezi n\u011b pat\u0159\u00ed nap\u0159\u00edklad i konferen\u010dn\u00ed stolky. Jedn\u00e1 se...","datePublished":"2021-06-16","dateModified":"2023-05-07","author":{"@type":"Person","@id":"https:\/\/www.foran.cz\/author\/#Person","name":"","url":"https:\/\/www.foran.cz\/author\/","identifier":1,"image":{"@type":"ImageObject","@id":"https:\/\/secure.gravatar.com\/avatar\/4e6a74466e4227c12d5306875d08720cdfce3572213740db6f4a2e5e46e710ff?s=96&d=mm&r=g","url":"https:\/\/secure.gravatar.com\/avatar\/4e6a74466e4227c12d5306875d08720cdfce3572213740db6f4a2e5e46e710ff?s=96&d=mm&r=g","height":96,"width":96}},"publisher":{"@type":"Organization","name":"foran.cz","logo":{"@type":"ImageObject","@id":"\/logo.png","url":"\/logo.png","width":600,"height":60}},"image":{"@type":"ImageObject","@id":"https:\/\/www.foran.cz\/wp-content\/uploads\/konfstolek2_1.png","url":"https:\/\/www.foran.cz\/wp-content\/uploads\/konfstolek2_1.png","height":0,"width":0},"url":"https:\/\/www.foran.cz\/proc-je-designovy-konferencni-stolek-drazsi-nez-ten-obycejny\/","about":["Produkty"],"wordCount":396,"articleBody":"B\u011b\u017enou sou\u010d\u00e1st\u00ed ka\u017ed\u00e9 dom\u00e1cnosti je i n\u00e1bytek. Dalo by se \u0159\u00edci, \u017ee bez n\u011bj se prakticky neobejdeme, i kdy\u017e n\u011bkter\u00e9 kusy jsou nepostradateln\u011bj\u0161\u00ed ne\u017e jin\u00e9. N\u011bkter\u00e9, jako nap\u0159\u00edklad sk\u0159\u00ed\u0148, najdeme t\u00e9m\u011b\u0159 bez v\u00fdjimky v ka\u017ed\u00e9 dom\u00e1cnosti, zat\u00edmco jin\u00e9 jsou ji\u017e vz\u00e1cn\u011bj\u0161\u00ed.Mezi n\u011b pat\u0159\u00ed nap\u0159\u00edklad i konferen\u010dn\u00ed stolky. Jedn\u00e1 se o men\u0161\u00ed n\u00edzk\u00e9 stolky, kter\u00e9 jsou obvykle um\u00edst\u011bny v ob\u00fdv\u00e1ku u sedac\u00ed soupravy. V\u011bt\u0161inou slou\u017e\u00ed k tomu, abychom si na n\u011b odkl\u00e1dali hrnek s k\u00e1vou \u010di \u010dajem, ov\u0161em v mnoha dom\u00e1cnostech na nich najdeme i noviny a let\u00e1ky, kter\u00e9 n\u00e1m chod\u00ed prakticky denn\u011b do schr\u00e1nky.Ov\u0161em je jasn\u00e9, \u017ee pokud se rozhodneme si jej po\u0159\u00eddit, chceme tak\u00e9, aby co nejl\u00e9pe vypadal. A tak se za\u010dneme rozhl\u00ed\u017eet po obchodech s n\u00e1bytkem i na internetu. A brzy zjist\u00edme zaj\u00edmav\u00fd fakt, toti\u017e \u017ee designov\u00fd konferen\u010dn\u00ed stolek  je podstatn\u011b dra\u017e\u0161\u00ed, ne\u017e ten oby\u010dejn\u00fd, by\u0165 je vyroben ze stejn\u00e9ho materi\u00e1lu. A za\u010dne n\u00e1m vrtat hlavou, pro\u010d tomu tak je.Odpov\u011b\u010f zn\u00ed, \u017ee tady, podobn\u011b jako u oble\u010den\u00ed, plat\u00edme za zna\u010dku a exkluzivitu. A\u010dkoliv v\u00fdrobn\u00ed n\u00e1klady se p\u0159\u00edli\u0161 neli\u0161\u00ed, autor tohoto designu si sv\u016fj n\u00e1pad nechal zaplatit. A je jasn\u00e9, \u017ee i tato \u010d\u00e1stka se mus\u00ed do celkov\u00e9 ceny prom\u00edtnout. Nav\u00edc tyto v\u00fdrobky obvykle prod\u00e1vaj\u00ed zn\u00e1m\u00e9 firmy, a u\u017e to, \u017ee jde o zna\u010dkov\u00fd stolek, op\u011bt zvy\u0161uje jeho cenu, podobn\u011b jako u ji\u017e zm\u00edn\u011bn\u00e9ho oble\u010den\u00ed.\u017de to nen\u00ed pro z\u00e1kazn\u00edka zrovna ide\u00e1ln\u00ed situace, je jasn\u00e9. Av\u0161ak pro autora n\u00e1vrhu onoho stolku i jeho v\u00fdrobce a prodejce to naopak znamen\u00e1 velk\u00e9 zisky \u2013 a \u0159ekn\u011bme si, \u017ee by byli hloup\u00ed, kdyby se toho vzdali.Samoz\u0159ejm\u011b je ot\u00e1zka, pro\u010d jej lid\u00e9 kupuj\u00ed. Odpov\u011b\u010f je, \u017ee cht\u011bj\u00ed m\u00edt doma n\u011bco zvl\u00e1\u0161tn\u00edho, exkluzivn\u00edho, a jsou ochotni si za to zna\u010dn\u011b p\u0159iplatit.A koneckonc\u016f, na tom nen\u00ed nic \u0161patn\u00e9ho. Levn\u011bj\u0161\u00ed varianty existuj\u00ed, tak\u017ee si konferen\u010dn\u00ed stolek m\u016f\u017ee koupit prakticky ka\u017ed\u00fd. Jen zkr\u00e1tka nebude designov\u00fd.                                                                                                                                                                                                                                                                                                                                                                                         4.5\/5 - (2 votes)        "},{"@context":"https:\/\/schema.org\/","@type":"BreadcrumbList","itemListElement":[{"@type":"ListItem","position":1,"name":"Pro\u010d je designov\u00fd konferen\u010dn\u00ed stolek dra\u017e\u0161\u00ed ne\u017e ten oby\u010dejn\u00fd?","item":"https:\/\/www.foran.cz\/proc-je-designovy-konferencni-stolek-drazsi-nez-ten-obycejny\/#breadcrumbitem"}]}]