[{"@context":"https:\/\/schema.org\/","@type":"Article","@id":"https:\/\/www.foran.cz\/udelejte-maly-byt-vetsim-alespon-na-pohled\/#Article","mainEntityOfPage":"https:\/\/www.foran.cz\/udelejte-maly-byt-vetsim-alespon-na-pohled\/","headline":"Ud\u011blejte mal\u00fd byt v\u011bt\u0161\u00edm alespo\u0148 na pohled","name":"Ud\u011blejte mal\u00fd byt v\u011bt\u0161\u00edm alespo\u0148 na pohled","description":"T\u00edsn\u00edte se u v\u00e1s doma jako sardinky, ale bohu\u017eel si nem\u016f\u017eete prozat\u00edm dovolit nic v\u011bt\u0161\u00edho? Pro\u010d se doma ma\u010dkat, kdy\u017e to jde i vy\u0159e\u0161it jinak. Jen si s\u00e1hn\u011bte do sv\u011bdom\u00ed \u2013 kolik zbyte\u010dn\u00fdch v\u011bc\u00ed u v\u00e1s doma m\u00e1te a nepot\u0159ebujete? Prvn\u00edm krokem k tomu, jak provzdu\u0161nit v\u00e1\u0161 domov je zbavit...","datePublished":"2018-08-05","dateModified":"2023-05-07","author":{"@type":"Person","@id":"https:\/\/www.foran.cz\/author\/#Person","name":"","url":"https:\/\/www.foran.cz\/author\/","identifier":1,"image":{"@type":"ImageObject","@id":"https:\/\/secure.gravatar.com\/avatar\/4e6a74466e4227c12d5306875d08720cdfce3572213740db6f4a2e5e46e710ff?s=96&d=mm&r=g","url":"https:\/\/secure.gravatar.com\/avatar\/4e6a74466e4227c12d5306875d08720cdfce3572213740db6f4a2e5e46e710ff?s=96&d=mm&r=g","height":96,"width":96}},"publisher":{"@type":"Organization","name":"foran.cz","logo":{"@type":"ImageObject","@id":"\/logo.png","url":"\/logo.png","width":600,"height":60}},"image":{"@type":"ImageObject","@id":"https:\/\/www.foran.cz\/wp-content\/uploads\/img_a322343_w2106_t1533932781.jpg","url":"https:\/\/www.foran.cz\/wp-content\/uploads\/img_a322343_w2106_t1533932781.jpg","height":0,"width":0},"url":"https:\/\/www.foran.cz\/udelejte-maly-byt-vetsim-alespon-na-pohled\/","wordCount":421,"articleBody":"T\u00edsn\u00edte se u v\u00e1s doma jako sardinky, ale bohu\u017eel si nem\u016f\u017eete prozat\u00edm dovolit nic v\u011bt\u0161\u00edho? Pro\u010d se doma ma\u010dkat, kdy\u017e to jde i vy\u0159e\u0161it jinak. Jen si s\u00e1hn\u011bte do sv\u011bdom\u00ed \u2013 kolik zbyte\u010dn\u00fdch v\u011bc\u00ed u v\u00e1s doma m\u00e1te a nepot\u0159ebujete? Prvn\u00edm krokem k tomu, jak provzdu\u0161nit v\u00e1\u0161 domov je zbavit se pr\u00e1v\u011b on\u011bch p\u0159ebyte\u010dn\u00fdch a nepot\u0159ebn\u00fdch v\u011bc\u00ed, kter\u00e9 v\u00e1m doma akor\u00e1t zab\u00edraj\u00ed m\u00edsto, kter\u00e9 by se dalo vyu\u017e\u00edt k n\u011b\u010demu jin\u00e9mu. D\u00edky takov\u00e9mu \u00faklidu se osvobod\u00edte od v\u011bc\u00ed, kter\u00e9 jste u\u017e dlouho nepou\u017eili a kter\u00e9 se tak stali nepot\u0159ebn\u00fdmi.Jako dal\u0161\u00ed p\u0159ich\u00e1z\u00ed na \u0159adu n\u00e1bytek. Pokud ten v\u00e1\u0161 dosavadn\u00ed je mohutn\u00fd, star\u00fd, a ne zrovna dvakr\u00e1t prakticky \u0159e\u0161en\u00fd, pak je ten nejvy\u0161\u0161\u00ed \u010das na jeho v\u00fdm\u011bnu. M\u00edsto va\u0161eho dosavadn\u00edho n\u00e1bytku zvolte n\u00e1bytek, kter\u00fd bude ve sv\u011btl\u00fdch barv\u00e1ch a bude dopln\u011bn poli\u010dkami a reg\u00e1ly, kter\u00e9 ho tak provzdu\u0161n\u00ed. Ide\u00e1ln\u00ed jsou tak\u00e9 sk\u0159\u00edn\u011b dopln\u011bn\u00e9 o zrcadla, kter\u00e1 dodaj\u00ed prostoru opticky na v\u011bt\u0161\u00edm rozm\u011bru. Dobr\u00e9 je tak\u00e9 pustit do va\u0161eho doma co nejv\u00edce sv\u011btla. Nau\u010dte se pomoc\u00ed chytr\u00fdch trik\u016f od bytov\u00fdch designer\u016f a architekt\u016f  prom\u011bnit v\u00e1\u0161 byt v dokonal\u00fd a \u00fatuln\u00fd domov. I zd\u00e1nliv\u011b mal\u00fd byt tak m\u016f\u017eete opticky p\u0159etvo\u0159it na v\u011bt\u0161\u00ed a u\u017e si v n\u011bm nebudete p\u0159ipadat tak st\u00edsn\u011bn\u011b. Z\u00e1kladem je co nejm\u00e9n\u011b v\u011bc\u00ed, volit sv\u011btl\u00e9 barvy a chyt\u0159e \u0159e\u0161en\u00e9 \u00falo\u017en\u00e9 prostory. D\u00edky chyt\u0159e \u0159e\u0161en\u00fdm a praktick\u00fdm \u00falo\u017en\u00fdm prostor\u016fm tak i t\u0159eba z mal\u00e9ho d\u011btsk\u00e9ho pokoj\u00ed\u010dku m\u016f\u017eete ud\u011blat kouzeln\u00e9 kr\u00e1lovstv\u00ed s dostatkem prostoru, a i p\u0159esto v n\u011bm bude v\u0161e pot\u0159ebn\u00e9. P\u0159i rekonstrukci va\u0161eho domova samoz\u0159ejm\u011b nesm\u00edte zapomenout ani na vhodn\u00e9 barvy v\u00fdmalby jednotliv\u00fdch m\u00edstnost\u00ed, kter\u00e9 tak\u00e9 pom\u00e1haj\u00ed utv\u00e1\u0159et celkov\u00fd dojem o dan\u00e9m prostoru a pomoc\u00ed barev tak m\u016f\u017eete snadno danou m\u00edstnost opticky zmen\u0161it. D\u00edky aplikov\u00e1n\u00ed t\u011bchto chytr\u00fdch trik\u016f bytov\u00fdch designer\u016f do praxe tak v\u00e1\u0161 domov jednodu\u0161e z\u00fatuln\u00edte.                                                                                                                                                                                                                                                                                                                                                                                        3.7\/5 - (9 votes)        "},{"@context":"https:\/\/schema.org\/","@type":"BreadcrumbList","itemListElement":[{"@type":"ListItem","position":1,"name":"Ud\u011blejte mal\u00fd byt v\u011bt\u0161\u00edm alespo\u0148 na pohled","item":"https:\/\/www.foran.cz\/udelejte-maly-byt-vetsim-alespon-na-pohled\/#breadcrumbitem"}]}]