[{"@context":"https:\/\/schema.org\/","@type":"Article","@id":"https:\/\/www.foran.cz\/uzijte-si-kvalitu-a-krasu-nabytku-na-miru\/#Article","mainEntityOfPage":"https:\/\/www.foran.cz\/uzijte-si-kvalitu-a-krasu-nabytku-na-miru\/","headline":"U\u017eijte si kvalitu a kr\u00e1su n\u00e1bytku na m\u00edru!","name":"U\u017eijte si kvalitu a kr\u00e1su n\u00e1bytku na m\u00edru!","description":"Poctiv\u00fd n\u00e1bytek v\u00e1m nab\u00edz\u00ed tu nejlep\u0161\u00ed kvalitu, kterou ocen\u00edte stejn\u011b tak nyn\u00ed, jako za deset i v\u00edce let. Tak\u017ee kdy\u017e si nech\u00e1te na zak\u00e1zku zhotovit t\u0159eba po\u0159\u00e1dnou vestav\u011bnou sk\u0159\u00ed\u0148, rozhodn\u011b toho nebudete litovat! Nav\u00edc, m\u00edt doma alespo\u0148 jednu opravdu objemnou sk\u0159\u00ed\u0148 na m\u00edru by m\u011bl m\u00edt ka\u017ed\u00fd. Takov\u00fd kousek n\u00e1bytku...","datePublished":"2020-05-08","dateModified":"2023-05-07","author":{"@type":"Person","@id":"https:\/\/www.foran.cz\/author\/#Person","name":"","url":"https:\/\/www.foran.cz\/author\/","identifier":1,"image":{"@type":"ImageObject","@id":"https:\/\/secure.gravatar.com\/avatar\/4e6a74466e4227c12d5306875d08720cdfce3572213740db6f4a2e5e46e710ff?s=96&d=mm&r=g","url":"https:\/\/secure.gravatar.com\/avatar\/4e6a74466e4227c12d5306875d08720cdfce3572213740db6f4a2e5e46e710ff?s=96&d=mm&r=g","height":96,"width":96}},"publisher":{"@type":"Organization","name":"foran.cz","logo":{"@type":"ImageObject","@id":"\/logo.png","url":"\/logo.png","width":600,"height":60}},"image":{"@type":"ImageObject","@id":"https:\/\/www.foran.cz\/wp-content\/uploads\/pokoje%20v%20dom%C4%9B.png","url":"https:\/\/www.foran.cz\/wp-content\/uploads\/pokoje%20v%20dom%C4%9B.png","height":0,"width":0},"url":"https:\/\/www.foran.cz\/uzijte-si-kvalitu-a-krasu-nabytku-na-miru\/","about":["Podnik\u00e1n\u00ed"],"wordCount":446,"articleBody":"   Poctiv\u00fd n\u00e1bytek v\u00e1m nab\u00edz\u00ed tu nejlep\u0161\u00ed kvalitu, kterou ocen\u00edte stejn\u011b tak nyn\u00ed, jako za deset i v\u00edce let. Tak\u017ee kdy\u017e si nech\u00e1te na zak\u00e1zku zhotovit t\u0159eba po\u0159\u00e1dnou vestav\u011bnou sk\u0159\u00ed\u0148, rozhodn\u011b toho nebudete litovat!Nav\u00edc, m\u00edt doma alespo\u0148 jednu opravdu objemnou sk\u0159\u00ed\u0148 na m\u00edru by m\u011bl m\u00edt ka\u017ed\u00fd.Takov\u00fd kousek n\u00e1bytku v\u00e1m m\u016f\u017ee ve v\u00fdsledku u\u0161et\u0159it mnoho zbyte\u010dn\u00fdch starost\u00ed. A t\u00edm, kam sv\u00e9 v\u011bci ulo\u017e\u00edte, se dost mo\u017en\u00e1 budete v budoucnosti tr\u00e1pit den co den. V\u017edy\u0165 v\u011bt\u0161ina z n\u00e1s m\u00e1 tendenci kupit dal\u0161\u00ed a dal\u0161\u00ed v\u011bci, a\u0165 u\u017e jde o spot\u0159ebi\u010de, oble\u010den\u00ed, anebo jinou v\u00fdbavu, zkr\u00e1tka v\u0161e, co n\u00e1s zaujme a je to za v\u00fdhodnou cenu. Takto se v na\u0161ich bytech \u010dasto ocitaj\u00ed i v\u011bci, kter\u00e9 vlastn\u011b v\u016fbec nepot\u0159ebujeme, a tak\u00e9 je mnohdy nikdy nevyu\u017eijeme, ov\u0161em i tak budeme muset vy\u0159e\u0161it ot\u00e1zku, kam je d\u00e1t.Ka\u017ed\u00fd, kdo si za\u0159izuje byt \u010di d\u016fm by m\u011bl v\u011bd\u011bt, \u017ee je lep\u0161\u00ed po\u0159\u00eddit si jeden velk\u00fd \u00falo\u017en\u00fd prostor na m\u00edsto mnoha men\u0161\u00edch. Bohu\u017eel, lid\u00e9 to \u010dasto d\u011blaj\u00ed p\u0159esn\u011b naopak. Sv\u016fj byt vybav\u00ed levn\u00fdm n\u00e1bytkem, a kdy\u017e jim dojde m\u00edsto, co\u017e se v takov\u00e9m p\u0159\u00edpad\u011b stane z\u00e1hy, p\u0159ikoup\u00ed dal\u0161\u00ed kus. A pak n\u00e1sleduj\u00ed dal\u0161\u00ed a dal\u0161\u00ed kousky. Tak\u017ee nakonec v\u0161echny sv\u00e9 v\u011bci najdou m\u00edsto, ov\u0161em v byt\u011b se kv\u016fli mno\u017estv\u00ed n\u00e1bytku nejde h\u00fdbat.Proto je lep\u0161\u00ed, po\u0159\u00eddit si t\u0159eba jen jeden dostate\u010dn\u011b objemn\u00fd kousek n\u00e1bytku na zak\u00e1zku, kter\u00fd n\u00e1m prok\u00e1\u017ee tu nejlep\u0161\u00ed slu\u017ebu.P\u0159edstavte si, jak to bude par\u00e1dn\u00ed, a\u017e do n\u011bj naskl\u00e1d\u00e1te v\u0161echny sv\u00e9 v\u011bci, a je\u0161t\u011b v\u00e1m kus m\u00edsta zbude pro to, co p\u0159inese budoucnost. P\u0159edstavte si, jak to bude par\u00e1dn\u00ed, a\u017e budete m\u00edt k dispozici p\u0159esn\u011b takov\u00e9 \u00falo\u017en\u00e9 prostory, jak\u00e9 m\u00e1te nejv\u00edce r\u00e1di. A p\u0159edev\u0161\u00edm \u2013 z\u00edsk\u00e1te kr\u00e1sn\u00fd kousek n\u00e1bytku, na kter\u00fd bude radost pohled\u011bt!V p\u0159\u00edpad\u011b zak\u00e1zkov\u00e9 v\u00fdroby je \u00fapln\u011b jedno, jak\u00e1 m\u00e1te p\u0159\u00e1n\u00ed \u2013 zku\u0161en\u00fd \u0159emesln\u00edk jim ochotn\u011b vyhov\u00ed, a pokud to bude na m\u00edst\u011b, upozorn\u00ed v\u00e1s na p\u0159\u00edpadn\u00e1 \u00faskal\u00ed tak, abyste byli s v\u00fdsledkem maxim\u00e1ln\u011b spokojen\u00ed!                                                                                                                                                                                                                                                                                                                                                                                          3.7\/5 - (10 votes)        "},{"@context":"https:\/\/schema.org\/","@type":"BreadcrumbList","itemListElement":[{"@type":"ListItem","position":1,"name":"U\u017eijte si kvalitu a kr\u00e1su n\u00e1bytku na m\u00edru!","item":"https:\/\/www.foran.cz\/uzijte-si-kvalitu-a-krasu-nabytku-na-miru\/#breadcrumbitem"}]}]